{"id":5127,"date":"2014-01-23T12:59:00","date_gmt":"2014-01-23T12:59:00","guid":{"rendered":"https:\/\/eero.storijapan.net\/docfolio\/hevoslinjan-kritiikki\/"},"modified":"2018-12-08T22:08:52","modified_gmt":"2018-12-08T20:08:52","slug":"hevoslinjan-kritiikki","status":"publish","type":"post","link":"https:\/\/eero.storijapan.net\/docfolio\/hevoslinjan-kritiikki\/","title":{"rendered":"Hevoslinja: Vastine Radio Aallon uutisointiin"},"content":{"rendered":"<div data-carousel-extra='{&quot;blog_id&quot;:1,&quot;permalink&quot;:&quot;https:\/\/eero.storijapan.net\/docfolio\/hevoslinjan-kritiikki\/&quot;}' id='gallery-1' class='gallery galleryid-5127 gallery-columns-3 gallery-size-thumbnail'><figure class='gallery-item'>\n\t\t\t<div class='gallery-icon landscape'>\n\t\t\t\t<a href='https:\/\/eero.storijapan.net\/docfolio\/hevoslinjan-kritiikki\/kuva-vesa-vaara-http-kuvastaja-fi\/'><img loading=\"lazy\" decoding=\"async\" width=\"150\" height=\"150\" src=\"https:\/\/eero.storijapan.net\/docfolio\/wp-content\/uploads\/2014\/01\/tumblr_mze00p7eWj1t57bb8o1_1280-150x150.jpg\" class=\"attachment-thumbnail size-thumbnail\" alt=\"\" aria-describedby=\"gallery-1-5128\" srcset=\"https:\/\/eero.storijapan.net\/docfolio\/wp-content\/uploads\/2014\/01\/tumblr_mze00p7eWj1t57bb8o1_1280-150x150.jpg 150w, https:\/\/eero.storijapan.net\/docfolio\/wp-content\/uploads\/2014\/01\/tumblr_mze00p7eWj1t57bb8o1_1280-100x100.jpg 100w, https:\/\/eero.storijapan.net\/docfolio\/wp-content\/uploads\/2014\/01\/tumblr_mze00p7eWj1t57bb8o1_1280-50x50.jpg 50w\" sizes=\"auto, 100vw\" data-attachment-id=\"5128\" data-permalink=\"https:\/\/eero.storijapan.net\/docfolio\/hevoslinjan-kritiikki\/kuva-vesa-vaara-http-kuvastaja-fi\/\" data-orig-file=\"https:\/\/eero.storijapan.net\/docfolio\/wp-content\/uploads\/2014\/01\/tumblr_mze00p7eWj1t57bb8o1_1280.jpg\" data-orig-size=\"1181,786\" data-comments-opened=\"1\" data-image-meta=\"{&quot;aperture&quot;:&quot;0&quot;,&quot;credit&quot;:&quot;&quot;,&quot;camera&quot;:&quot;&quot;,&quot;caption&quot;:&quot;&quot;,&quot;created_timestamp&quot;:&quot;0&quot;,&quot;copyright&quot;:&quot;&quot;,&quot;focal_length&quot;:&quot;0&quot;,&quot;iso&quot;:&quot;0&quot;,&quot;shutter_speed&quot;:&quot;0&quot;,&quot;title&quot;:&quot;&quot;,&quot;orientation&quot;:&quot;0&quot;}\" data-image-title=\"Kuva: Vesa V\u00e4\u00e4r\u00e4 (http:\/\/kuvastaja.fi)\" data-image-description=\"\" data-image-caption=\"&lt;p&gt;Kuva: Vesa V\u00e4\u00e4r\u00e4 (http:\/\/kuvastaja.fi)&lt;\/p&gt;\n\" data-large-file=\"https:\/\/eero.storijapan.net\/docfolio\/wp-content\/uploads\/2014\/01\/tumblr_mze00p7eWj1t57bb8o1_1280-1024x682.jpg\" \/><\/a>\n\t\t\t<\/div>\n\t\t\t\t<figcaption class='wp-caption-text gallery-caption' id='gallery-1-5128'>\n\t\t\t\tKuva: Vesa V\u00e4\u00e4r\u00e4 (http:\/\/kuvastaja.fi)\n\t\t\t\t<\/figcaption><\/figure><figure class='gallery-item'>\n\t\t\t<div class='gallery-icon landscape'>\n\t\t\t\t<a href='https:\/\/eero.storijapan.net\/docfolio\/hevoslinjan-kritiikki\/kuva-vesa-vaara-http-kuvastaja-fi-2\/'><img loading=\"lazy\" decoding=\"async\" width=\"150\" height=\"150\" src=\"https:\/\/eero.storijapan.net\/docfolio\/wp-content\/uploads\/2014\/01\/tumblr_mze00p7eWj1t57bb8o2_1280-150x150.jpg\" class=\"attachment-thumbnail size-thumbnail\" alt=\"\" aria-describedby=\"gallery-1-5129\" srcset=\"https:\/\/eero.storijapan.net\/docfolio\/wp-content\/uploads\/2014\/01\/tumblr_mze00p7eWj1t57bb8o2_1280-150x150.jpg 150w, https:\/\/eero.storijapan.net\/docfolio\/wp-content\/uploads\/2014\/01\/tumblr_mze00p7eWj1t57bb8o2_1280-100x100.jpg 100w, https:\/\/eero.storijapan.net\/docfolio\/wp-content\/uploads\/2014\/01\/tumblr_mze00p7eWj1t57bb8o2_1280-50x50.jpg 50w\" sizes=\"auto, 100vw\" data-attachment-id=\"5129\" data-permalink=\"https:\/\/eero.storijapan.net\/docfolio\/hevoslinjan-kritiikki\/kuva-vesa-vaara-http-kuvastaja-fi-2\/\" data-orig-file=\"https:\/\/eero.storijapan.net\/docfolio\/wp-content\/uploads\/2014\/01\/tumblr_mze00p7eWj1t57bb8o2_1280.jpg\" data-orig-size=\"1181,786\" data-comments-opened=\"1\" data-image-meta=\"{&quot;aperture&quot;:&quot;0&quot;,&quot;credit&quot;:&quot;&quot;,&quot;camera&quot;:&quot;&quot;,&quot;caption&quot;:&quot;&quot;,&quot;created_timestamp&quot;:&quot;0&quot;,&quot;copyright&quot;:&quot;&quot;,&quot;focal_length&quot;:&quot;0&quot;,&quot;iso&quot;:&quot;0&quot;,&quot;shutter_speed&quot;:&quot;0&quot;,&quot;title&quot;:&quot;&quot;,&quot;orientation&quot;:&quot;0&quot;}\" data-image-title=\"Kuva: Vesa V\u00e4\u00e4r\u00e4 (http:\/\/kuvastaja.fi)\" data-image-description=\"\" data-image-caption=\"&lt;p&gt;Kuva: Vesa V\u00e4\u00e4r\u00e4 (http:\/\/kuvastaja.fi)&lt;\/p&gt;\n\" data-large-file=\"https:\/\/eero.storijapan.net\/docfolio\/wp-content\/uploads\/2014\/01\/tumblr_mze00p7eWj1t57bb8o2_1280-1024x682.jpg\" \/><\/a>\n\t\t\t<\/div>\n\t\t\t\t<figcaption class='wp-caption-text gallery-caption' id='gallery-1-5129'>\n\t\t\t\tKuva: Vesa V\u00e4\u00e4r\u00e4 (http:\/\/kuvastaja.fi)\n\t\t\t\t<\/figcaption><\/figure><figure class='gallery-item'>\n\t\t\t<div class='gallery-icon landscape'>\n\t\t\t\t<a href='https:\/\/eero.storijapan.net\/docfolio\/hevoslinjan-kritiikki\/kuva-vesa-vaara-http-kuvastaja-fi-3\/'><img loading=\"lazy\" decoding=\"async\" width=\"150\" height=\"150\" src=\"https:\/\/eero.storijapan.net\/docfolio\/wp-content\/uploads\/2014\/01\/tumblr_mze00p7eWj1t57bb8o3_1280-150x150.jpg\" class=\"attachment-thumbnail size-thumbnail\" alt=\"\" aria-describedby=\"gallery-1-5130\" srcset=\"https:\/\/eero.storijapan.net\/docfolio\/wp-content\/uploads\/2014\/01\/tumblr_mze00p7eWj1t57bb8o3_1280-150x150.jpg 150w, https:\/\/eero.storijapan.net\/docfolio\/wp-content\/uploads\/2014\/01\/tumblr_mze00p7eWj1t57bb8o3_1280-100x100.jpg 100w, https:\/\/eero.storijapan.net\/docfolio\/wp-content\/uploads\/2014\/01\/tumblr_mze00p7eWj1t57bb8o3_1280-50x50.jpg 50w\" sizes=\"auto, 100vw\" data-attachment-id=\"5130\" data-permalink=\"https:\/\/eero.storijapan.net\/docfolio\/hevoslinjan-kritiikki\/kuva-vesa-vaara-http-kuvastaja-fi-3\/\" data-orig-file=\"https:\/\/eero.storijapan.net\/docfolio\/wp-content\/uploads\/2014\/01\/tumblr_mze00p7eWj1t57bb8o3_1280.jpg\" data-orig-size=\"1181,786\" data-comments-opened=\"1\" data-image-meta=\"{&quot;aperture&quot;:&quot;0&quot;,&quot;credit&quot;:&quot;&quot;,&quot;camera&quot;:&quot;&quot;,&quot;caption&quot;:&quot;&quot;,&quot;created_timestamp&quot;:&quot;0&quot;,&quot;copyright&quot;:&quot;&quot;,&quot;focal_length&quot;:&quot;0&quot;,&quot;iso&quot;:&quot;0&quot;,&quot;shutter_speed&quot;:&quot;0&quot;,&quot;title&quot;:&quot;&quot;,&quot;orientation&quot;:&quot;0&quot;}\" data-image-title=\"Kuva: Vesa V\u00e4\u00e4r\u00e4 (http:\/\/kuvastaja.fi)\" data-image-description=\"\" data-image-caption=\"&lt;p&gt;Kuva: Vesa V\u00e4\u00e4r\u00e4 (http:\/\/kuvastaja.fi)&lt;\/p&gt;\n\" data-large-file=\"https:\/\/eero.storijapan.net\/docfolio\/wp-content\/uploads\/2014\/01\/tumblr_mze00p7eWj1t57bb8o3_1280-1024x682.jpg\" \/><\/a>\n\t\t\t<\/div>\n\t\t\t\t<figcaption class='wp-caption-text gallery-caption' id='gallery-1-5130'>\n\t\t\t\tKuva: Vesa V\u00e4\u00e4r\u00e4 (http:\/\/kuvastaja.fi)\n\t\t\t\t<\/figcaption><\/figure>\n\t\t<\/div>\n\n<p>Jutun kuvat (ellei erikseen mainittu): <strong>Vesa V\u00e4\u00e4r\u00e4<\/strong> <a href=\"http:\/\/kuvastaja.fi\/\" target=\"_blank\" rel=\"noopener\">http:\/\/kuvastaja.fi<\/a>. Kuvissa tutustun hevosten k\u00e4ytt\u00e4ytymiseen\u00a0<strong><a href=\"http:\/\/www.iberico.fi\/\" target=\"_blank\" rel=\"noopener\">Katariina Albrecht<\/a><\/strong>in opastuksella. Opetustilaisuus j\u00e4rjestettiin ennen joulua valokuvauksen yhteydess\u00e4. <em>T\u00e4m\u00e4 oli kolmas kerta el\u00e4m\u00e4ss\u00e4ni kun p\u00e4\u00e4sin koskettamaan hevosta<\/em>.<a href=\"https:\/\/www.facebook.com\/IbericoFinland\" target=\"_blank\" rel=\"noopener\"><br \/>\n<\/a><\/p>\n<p>Hevoslinjasta ja <a href=\"http:\/\/oree.storijapan.net\/\" target=\"_blank\" rel=\"noopener\">Ore.e Refinerisist\u00e4<\/a> (Ore.e Jalostamoista) kirjoitettiin ennen vuodenvaihdetta pitk\u00e4 juttu Helsingin Sanomiin. Se julkaistiin painetussa lehdess\u00e4 sek\u00e4 verkossa. Verkkojulkaisun yhteydess\u00e4 otsikko oli vaihdettu skandaalink\u00e4ryisenp\u00e4\u00e4n: <a href=\"http:\/\/www.hs.fi\/ihmiset\/a1387080816423\" target=\"_blank\" rel=\"noopener\"><em>Taiteilija sai 30 000 euron apurahan, jotta voi ratsastaa Helsingist\u00e4 Turkuun<\/em><\/a>.<\/p>\n<p>Juttua seuranneen verkkokeskustelun yleiss\u00e4vy on kriittinen. Urakkaa arvotetaan taloudellisin perustein. T\u00f6ykein kritiikki toimitettiin\u00a0<a href=\"http:\/\/www.radioaalto.fi\/#\/muu\/Taide\" target=\"_blank\" rel=\"noopener\"><strong>Radio Aallo<\/strong><\/a>n aamuradion puolesta, josta \u00e4\u00e4nin\u00e4yte alla.\u00a0Mainittakoon.. T\u00e4m\u00e4 on Aallon aamutiimin <em>ensimm\u00e4inen taidekritiikki.<\/em><\/p>\n<iframe loading=\"lazy\" width=\"100%\" height=\"166\" scrolling=\"no\" frameborder=\"no\" src=\"https:\/\/w.soundcloud.com\/player\/?url=https%3A%2F%2Fapi.soundcloud.com%2Ftracks%2F129457152%3Fsecret_token%3Ds-ltm8a&auto_play=false&hide_related=false&visual=false&show_comments=false&show_user=false&show_reposts=false&color=a8a8a8\"><\/iframe>\n<p>Monelle on muodostunut v\u00e4\u00e4rink\u00e4sitys, ett\u00e4 apuraha k\u00e4ytet\u00e4\u00e4n pelk\u00e4st\u00e4\u00e4n kertaluontoiseen kaupunkien v\u00e4liseen ratsastusreissuun.<\/p>\n<p>Projektin tavoitteet voi tarkistaa alkuper\u00e4isest\u00e4 apuraha-hakemuksestamme, joka\u00a0<a href=\"http:\/\/eero.storijapan.net\/blogfolio\/fi-hevoslinja-hki-tku-hki-apurahahakemus-saatteineen\/\" target=\"_blank\" rel=\"noopener\">luettavissa kokonaisuudessaan<\/a>\u00a0verkossa. Hakemus on ollut julkisessa tarkastelussa jo ennen tuen my\u00f6nt\u00e4mist\u00e4. Tekstist\u00e4 l\u00f6ytyy erittely kaikista Hevoslinja projektiin kuuluvista teht\u00e4vist\u00e4 ja aikatauluista sek\u00e4 esittely apuraha-k\u00e4yt\u00e4nn\u00f6ist\u00e4 yleens\u00e4.<\/p>\n<p>Keskustelu on jatkunut my\u00f6hemmin ainakin yhdess\u00e4\u00a0<a href=\"http:\/\/tuoltasaapuucharly.blogspot.fi\/2013\/12\/joulukalenteri-ratsain-turkuun.html\" target=\"_blank\" rel=\"noopener\">hevos-alan blogissa<\/a>\u00a0ja esimerkiksi\u00a0<a href=\"http:\/\/www.vauva.fi\/keskustelu\/3901019\/ketju\/30_000_euron_apurahan_jotta_voi_ratsastaa_helsingista_turkuun_mielipiteita\" target=\"_blank\" rel=\"noopener\">Vauva.fi lehden<\/a>\u00a0foorumilla. Olen tutustunut n\u00e4ihin kirjoituksiin ja yrit\u00e4n kehitt\u00e4\u00e4 Hevoslinjan tiedottamista kritiikin my\u00f6t\u00e4. Harmikseni p\u00e4\u00e4telm\u00e4t ovat rakentuneet yksinomaan HSs\u00e4n verkkojutun varaan. Jatkossa kannattaa huomioida, ett\u00e4 lehtijuttu oli<strong>\u00a0toimittajan tulkinta<\/strong> teoksestamme \u2013 Ei siis teos itse.<\/p>\n<p>Projektimme on saanut my\u00f6s paljon tukea ja k\u00e4ymme Ore.e Refinerisin puolesta edist\u00e4m\u00e4\u00e4n <em>tulevaisuuden hevosliikenn\u00f6inti\u00e4<\/em> luottavaisin mielin. Tsemppi tekstej\u00e4 on kirjoittanut mm.\u00a0<strong><a href=\"http:\/\/ossiojutkangas.puheenvuoro.uusisuomi.fi\/156622-nykytaiteen-inhoajat-vaihtakaa-savolainen-kateus-pohjalaiseen\" target=\"_blank\" rel=\"noopener\">Ossi<\/a><\/strong>. Kiitos tukijoille ja mik\u00e4li aihe innoittaa l\u00e4hett\u00e4k\u00e4\u00e4 palautetta, linkkej\u00e4 ja vinkkej\u00e4 <a href=\"http:\/\/hevoslinja.tumblr.com\/kysymyksia-ja-palautetta\" target=\"_blank\" rel=\"noopener\">anonyymin\u00a0palautekaavakkeen tai s\u00e4hk\u00f6postin<\/a> kautta.<\/p>\n","protected":false},"excerpt":{"rendered":"<p>Jutun kuvat (ellei erikseen mainittu): Vesa V\u00e4\u00e4r\u00e4 http:\/\/kuvastaja.fi. Kuvissa tutustun hevosten k\u00e4ytt\u00e4ytymiseen\u00a0Katariina Albrechtin opastuksella. Opetustilaisuus j\u00e4rjestettiin ennen joulua valokuvauksen yhteydess\u00e4. T\u00e4m\u00e4 oli kolmas kerta el\u00e4m\u00e4ss\u00e4ni kun p\u00e4\u00e4sin koskettamaan hevosta. Hevoslinjasta ja Ore.e Refinerisist\u00e4 (Ore.e Jalostamoista) kirjoitettiin ennen vuodenvaihdetta pitk\u00e4 juttu Helsingin Sanomiin. Se julkaistiin painetussa lehdess\u00e4 sek\u00e4 verkossa. Verkkojulkaisun yhteydess\u00e4 otsikko oli vaihdettu skandaalink\u00e4ryisenp\u00e4\u00e4n: Taiteilija &hellip; <\/p>\n<p class=\"link-more\"><a href=\"https:\/\/eero.storijapan.net\/docfolio\/hevoslinjan-kritiikki\/\" class=\"more-link\">Continue reading<span class=\"screen-reader-text\"> &#8220;Hevoslinja: Vastine Radio Aallon uutisointiin&#8221;<\/span><\/a><\/p>\n","protected":false},"author":1,"featured_media":0,"comment_status":"open","ping_status":"open","sticky":false,"template":"","format":"gallery","meta":{"jetpack_post_was_ever_published":false,"_jetpack_newsletter_access":"","_jetpack_dont_email_post_to_subs":false,"_jetpack_newsletter_tier_id":0,"_jetpack_memberships_contains_paywalled_content":false,"_jetpack_memberships_contains_paid_content":false,"footnotes":""},"categories":[1439],"tags":[1272,1443],"class_list":["post-5127","post","type-post","status-publish","format-gallery","hentry","category-hevoslinja","tag-katariina-albrecht","tag-vesa-vaara","post_format-post-format-gallery"],"jetpack_featured_media_url":"","jetpack_sharing_enabled":true,"_links":{"self":[{"href":"https:\/\/eero.storijapan.net\/docfolio\/wp-json\/wp\/v2\/posts\/5127","targetHints":{"allow":["GET"]}}],"collection":[{"href":"https:\/\/eero.storijapan.net\/docfolio\/wp-json\/wp\/v2\/posts"}],"about":[{"href":"https:\/\/eero.storijapan.net\/docfolio\/wp-json\/wp\/v2\/types\/post"}],"author":[{"embeddable":true,"href":"https:\/\/eero.storijapan.net\/docfolio\/wp-json\/wp\/v2\/users\/1"}],"replies":[{"embeddable":true,"href":"https:\/\/eero.storijapan.net\/docfolio\/wp-json\/wp\/v2\/comments?post=5127"}],"version-history":[{"count":0,"href":"https:\/\/eero.storijapan.net\/docfolio\/wp-json\/wp\/v2\/posts\/5127\/revisions"}],"wp:attachment":[{"href":"https:\/\/eero.storijapan.net\/docfolio\/wp-json\/wp\/v2\/media?parent=5127"}],"wp:term":[{"taxonomy":"category","embeddable":true,"href":"https:\/\/eero.storijapan.net\/docfolio\/wp-json\/wp\/v2\/categories?post=5127"},{"taxonomy":"post_tag","embeddable":true,"href":"https:\/\/eero.storijapan.net\/docfolio\/wp-json\/wp\/v2\/tags?post=5127"}],"curies":[{"name":"wp","href":"https:\/\/api.w.org\/{rel}","templated":true}]}}