{"id":6043,"date":"2019-01-23T12:44:25","date_gmt":"2019-01-23T09:44:25","guid":{"rendered":"https:\/\/eero.storijapan.net\/docfolio\/?p=6043"},"modified":"2020-09-29T09:06:51","modified_gmt":"2020-09-29T06:06:51","slug":"20190123-2","status":"publish","type":"post","link":"https:\/\/eero.storijapan.net\/docfolio\/20190123-2\/","title":{"rendered":"20190123"},"content":{"rendered":"<p>Busy two weeks. Applied funding from: <a href=\"https:\/\/www.kopiosto.fi\/avek\/\">AVEK<\/a> (Didn&#8217;t get 3000\u20ac funding), <a href=\"https:\/\/skr.fi\/en\">SKR<\/a> &#8211; Uudenmaan maakuntarahasto (Didn&#8217;t get funding), <a href=\"https:\/\/www.taike.fi\/fi\/etusivu\">Taike<\/a> (Didn&#8217;t get 6 month grant) and send proposals for <a href=\"https:\/\/www.hamhelsinki.fi\/en\/ham-info\/for-artists\/applying-for-the-ham-gallery\/\">HAM gallery<\/a> (Didn&#8217;t get a show) and<a href=\"http:\/\/fonderiedarling.org\/Place-Publique-FD.html\"> Place Publique<\/a> (Got positive feedback but no residency).<\/p>\n<p>Also preparing a teaching gig for <a href=\"http:\/\/www.kankaanpaa.fi\/taidekoulu\/\">Kankaanp\u00e4\u00e4 Art School<\/a>. This time we&#8217;ll be reading (<a href=\"https:\/\/www.dropbox.com\/s\/tqtft1jwjkibg1b\/2014_communism-for-kids_bini-adamczak.pdf?dl=0\">Communism for Kids<\/a> by Bini Adamczak, 2014), writing, moving (I&#8217;m still on Kettlebells) and voting.<\/p>\n<p>Up next&#8230; Updates to my portfolio and electronics (I have a nifty <a href=\"https:\/\/www.modulargrid.net\/e\/racks\/view\/760464\">set of eurorack kits in the works<\/a>). I build a <a href=\"https:\/\/www.youtube.com\/watch?v=BLFvw4CVKgY\">DIY liquid carbonation system<\/a> and I can now manufacture sparkling water and sodas (currently I have a batch of Ginger-beer in the works). During the weekend I converted white wine to sparkling wine! I plan to manufacture sparkling mineral waters from regional fountains (which can be found using the brilliant <a href=\"https:\/\/loydalahde.com\/\">loydalahde.com<\/a> service) and to clone famous mineral waters (such as San Pelligriano) following guides found on the <a href=\"https:\/\/blog.khymos.org\/2012\/01\/04\/mineral-waters-a-la-carte\/\">khymos.org blogpost<\/a> from 2012.<\/p>\n<p>A 10l batch of San Pelligriano clone would require:<\/p>\n<ul>\n<li>0,92g Table salt<\/li>\n<li>5,7g <a href=\"https:\/\/www.ruohonjuuri.fi\/epsom-suola-karvassuola-foodin-6430055211733\">Epsom-salt<\/a><\/li>\n<li>4,8g <a href=\"https:\/\/www.hobbypoint.fi\/kipsit\">Plaster of Paris<\/a><\/li>\n<li>1,5g <a href=\"https:\/\/finherb.fi\/kalsiumjauhe-kalsiumkarbonaatti-180-g.prod\">Chalk<\/a><\/li>\n<\/ul>\n<p><a href=\"https:\/\/www.teme.fi\/fi\/meteli\/kenen-ajalla-elat\/\">Kenen ajalla el\u00e4t?<\/a> [On Who&#8217;s Time?] (2019) Kaino Wennerstrand. Part 1 of 5. A thoughtful text which investigates the lived experience of people who have to sacrifice their time and to constantly change their pace, to accommodate the falsified idea that contemporary capitalism makes everything available.<\/p>\n<p><a href=\"http:\/\/mustekala.info\/teemanumerot\/kulttuuriperinto-3-2018-vol-72\/perinnon-vaalimista-taystuhon-aarella\/\">Perinn\u00f6n vaalimista t\u00e4ystuhon \u00e4\u00e4rell\u00e4<\/a> [Protecting Cultural Legacies in the Face of Annihilation] (2018) Anna Jensen. A bright text questioning the motives of cultural preservation. I agree with Jensen but I have to argue that not all narratives need dismantling (<a href=\"https:\/\/eero.storijapan.net\/docfolio\/20181008-2\/\">previous post<\/a>) and putting things in the museum (or defining them as UNESCO World Heritage things) is a good strategy for positioning the things to the past, offering them for the gaze of the public (for critical re-evaluation) and nullifying their mythological force (which is the case of the Swastika symbol is a good thing).<\/p>\n<p style=\"text-align: left;\"><a href=\"http:\/\/autonomies.org\/2019\/01\/reification-and-the-gilets-jaunes\/\">The gilets jaunes: Giving colour to suffering<\/a> (2019) Benoit Bohy-Bunel. The text starts as a rant which is difficult to follow. I only read the chapter 4 titled &#8220;Brief remarks on the &#8216;yellow vests&#8217; movement&#8221;, which offers a reading to the reported right-wing elements of the movement: Some parts of the moment are racist, because the nation-state subjectivity (the crisis of which Gilets Jaunes manifests) is rooted on racism.<\/p>\n<blockquote><p>[&#8230;] The racist, homophobic acts present in certain demonstrations, the nationalist, populist, sexist, ableist, anti-migrant and anti-social-assistance speeches, which have met with some success in certain parts of this movement, reflect the crisis of this subject-form and the rise of crisis ideologies.<\/p>\n<p>There are many testimonies of suffering or social anger in this movement. These testimonies directly question the existence of the State and capitalism, with all that they imply (racism, patriarchy, ecological destruction, ableism, ageism). But the translation of this suffering, which is made against the backdrop of the crisis of the subject-form and the diffusion of populist ideologies of crisis, is not systematically emancipatory. What would be properly subversive would be to grasp, collectively and individually, the root of this lived suffering, and the radicality that it designates, so as to counteract the reactive and identity responses to the suffering. Such a capacity is not the privilege of ideologues, even \u201ccritical\u201d ones, who would have to \u201ceducate\u201d the \u201cpeople\u201d. Such a capacity eventually develops in the praxis of struggle, which can induce new encounters, new awareness, and new forms of life.<\/p><\/blockquote>\n","protected":false},"excerpt":{"rendered":"<p>Busy two weeks. Applied funding from: AVEK (Didn&#8217;t get 3000\u20ac funding), SKR &#8211; Uudenmaan maakuntarahasto (Didn&#8217;t get funding), Taike (Didn&#8217;t get 6 month grant) and send proposals for HAM gallery (Didn&#8217;t get a show) and Place Publique (Got positive feedback but no residency). Also preparing a teaching gig for Kankaanp\u00e4\u00e4 Art School. This time we&#8217;ll &hellip; <\/p>\n<p class=\"link-more\"><a href=\"https:\/\/eero.storijapan.net\/docfolio\/20190123-2\/\" class=\"more-link\">Continue reading<span class=\"screen-reader-text\"> &#8220;20190123&#8221;<\/span><\/a><\/p>\n","protected":false},"author":1,"featured_media":0,"comment_status":"open","ping_status":"open","sticky":false,"template":"","format":"standard","meta":{"jetpack_post_was_ever_published":false,"_jetpack_newsletter_access":"","_jetpack_dont_email_post_to_subs":false,"_jetpack_newsletter_tier_id":0,"_jetpack_memberships_contains_paywalled_content":false,"_jetpack_memberships_contains_paid_content":false,"footnotes":""},"categories":[4],"tags":[1533,1528,1534,930,1532,981,1529,215,185,354,1559,1531,1530],"class_list":["post-6043","post","type-post","status-publish","format-standard","hentry","category-log","tag-anna-jensen","tag-avek","tag-benoit-bohy-bunel","tag-bini-adamczak","tag-cooking","tag-eurorack","tag-ham-gallery","tag-kankaanpaa-art-school","tag-kettlebell","tag-mia-wennerstrand","tag-mineral-water","tag-place-publique","tag-suomen-kulttuurirahasto"],"jetpack_featured_media_url":"","jetpack_sharing_enabled":true,"_links":{"self":[{"href":"https:\/\/eero.storijapan.net\/docfolio\/wp-json\/wp\/v2\/posts\/6043","targetHints":{"allow":["GET"]}}],"collection":[{"href":"https:\/\/eero.storijapan.net\/docfolio\/wp-json\/wp\/v2\/posts"}],"about":[{"href":"https:\/\/eero.storijapan.net\/docfolio\/wp-json\/wp\/v2\/types\/post"}],"author":[{"embeddable":true,"href":"https:\/\/eero.storijapan.net\/docfolio\/wp-json\/wp\/v2\/users\/1"}],"replies":[{"embeddable":true,"href":"https:\/\/eero.storijapan.net\/docfolio\/wp-json\/wp\/v2\/comments?post=6043"}],"version-history":[{"count":0,"href":"https:\/\/eero.storijapan.net\/docfolio\/wp-json\/wp\/v2\/posts\/6043\/revisions"}],"wp:attachment":[{"href":"https:\/\/eero.storijapan.net\/docfolio\/wp-json\/wp\/v2\/media?parent=6043"}],"wp:term":[{"taxonomy":"category","embeddable":true,"href":"https:\/\/eero.storijapan.net\/docfolio\/wp-json\/wp\/v2\/categories?post=6043"},{"taxonomy":"post_tag","embeddable":true,"href":"https:\/\/eero.storijapan.net\/docfolio\/wp-json\/wp\/v2\/tags?post=6043"}],"curies":[{"name":"wp","href":"https:\/\/api.w.org\/{rel}","templated":true}]}}